{"id":1306,"date":"2012-07-02T09:50:02","date_gmt":"2012-07-02T07:50:02","guid":{"rendered":"https:\/\/blog.etiennebretteville.com\/2012\/07\/02\/articles-calvadose-de-rock\/"},"modified":"2012-07-02T09:50:02","modified_gmt":"2012-07-02T07:50:02","slug":"articles-calvadose-de-rock","status":"publish","type":"post","link":"https:\/\/blog.etiennebretteville.com\/en\/2012\/07\/02\/articles-calvadose-de-rock\/","title":{"rendered":"[Articles] Calvadose de Rock !"},"content":{"rendered":"<div id=\"fb-root\"><\/div>\n<p>[Articles] Calvadose de Rock !<\/p>\n<table>\n<tr>\n<td valign=\"top\"><img decoding=\"async\" src=\"https:\/\/blog.etiennebretteville.com\/wp-content\/plugins\/wp-o-matic\/cache\/62734_281.jpg\" height=\"50px\" \/><\/td>\n<td width=\"5px\"\/>\n<td bgcolor=\"#F82F2F\" width=\"5px\"\/>\n<td width=\"5px\"\/>\n<td bgcolor=\"#F9F9F5\">\n\tLa saison des festival est l\u00e0 !<\/p>\n<p>\tA l&#8217;instar des fameux Papillions de Nuits et du montant Festival de Beauregard, la Normandie nous offre un troisi\u00e8me festival depuis quelques ann\u00e9es maintenant. <\/p>\n<p>\tLes Calvadoses de Rock, pr\u00e8s de Bayeux (14) s\u00e9viront les 3 et 4 ao\u00fbt prochains.<\/p>\n<p>\tAlors, si vous voulez passer un bon moment avec d&#8217;autres amoureux du rock, je vous invite \u00e0 vous renseigner sur cette nouvelle \u00e9dition que recevra, entre autres, le po\u00e9tique Thomas Fersen, ou encore les&#8230; <a href=\"http:\/\/www.rock-trigger.fr\/Articles\/lire\/281\/calvadose-de-rock.html\">(Lire la suite)<\/a><\/td>\n<\/tr>\n<\/table>\n<p>[Via <a href=\"http:\/\/www.rock-trigger.fr\/rss\/all.xml\"> Rock-Trigger | Toute l&#8217;actualit\u00e9 du site<\/a>]<\/p>\n","protected":false},"excerpt":{"rendered":"<p>[Articles] Calvadose de Rock ! La saison des festival est l\u00e0 ! A l&#8217;instar des fameux Papillions de Nuits et&#46;&#46;&#46;<\/p>\n","protected":false},"author":2,"featured_media":9017,"comment_status":"closed","ping_status":"1","sticky":false,"template":"","format":"standard","meta":{"_exactmetrics_skip_tracking":false,"_exactmetrics_sitenote_active":false,"_exactmetrics_sitenote_note":"","_exactmetrics_sitenote_category":0,"footnotes":""},"categories":[160],"tags":[],"class_list":["post-1306","post","type-post","status-publish","format-standard","has-post-thumbnail","hentry","category-rock-trigger-2"],"_links":{"self":[{"href":"https:\/\/blog.etiennebretteville.com\/en\/wp-json\/wp\/v2\/posts\/1306","targetHints":{"allow":["GET"]}}],"collection":[{"href":"https:\/\/blog.etiennebretteville.com\/en\/wp-json\/wp\/v2\/posts"}],"about":[{"href":"https:\/\/blog.etiennebretteville.com\/en\/wp-json\/wp\/v2\/types\/post"}],"author":[{"embeddable":true,"href":"https:\/\/blog.etiennebretteville.com\/en\/wp-json\/wp\/v2\/users\/2"}],"replies":[{"embeddable":true,"href":"https:\/\/blog.etiennebretteville.com\/en\/wp-json\/wp\/v2\/comments?post=1306"}],"version-history":[{"count":0,"href":"https:\/\/blog.etiennebretteville.com\/en\/wp-json\/wp\/v2\/posts\/1306\/revisions"}],"wp:featuredmedia":[{"embeddable":true,"href":"https:\/\/blog.etiennebretteville.com\/en\/wp-json\/wp\/v2\/media\/9017"}],"wp:attachment":[{"href":"https:\/\/blog.etiennebretteville.com\/en\/wp-json\/wp\/v2\/media?parent=1306"}],"wp:term":[{"taxonomy":"category","embeddable":true,"href":"https:\/\/blog.etiennebretteville.com\/en\/wp-json\/wp\/v2\/categories?post=1306"},{"taxonomy":"post_tag","embeddable":true,"href":"https:\/\/blog.etiennebretteville.com\/en\/wp-json\/wp\/v2\/tags?post=1306"}],"curies":[{"name":"wp","href":"https:\/\/api.w.org\/{rel}","templated":true}]}}