{"id":9105,"date":"2018-04-21T18:49:35","date_gmt":"2018-04-21T16:49:35","guid":{"rendered":"https:\/\/blog.etiennebretteville.com\/?p=9105"},"modified":"2018-05-02T16:00:21","modified_gmt":"2018-05-02T14:00:21","slug":"vue-du-soir-nouesdesienne-lodge-etapeenforet-panorama-letape-en-foret","status":"publish","type":"post","link":"https:\/\/blog.etiennebretteville.com\/en\/2018\/04\/21\/vue-du-soir-nouesdesienne-lodge-etapeenforet-panorama-letape-en-foret\/","title":{"rendered":"Vue du soir #nouesdesienne #lodge #\u00e9tapeenfor\u00eat #panorama | L&#8217;Etape En For\u00eat"},"content":{"rendered":"<div id=\"fb-root\"><\/div>\n<p><\/p>\n<div align=\"center\">\n<a href=\"https:\/\/scontent.cdninstagram.com\/vp\/02a452df6d97787773a5c5bc4f46416d\/5B71BDFE\/t51.2885-15\/s640x640\/sh0.08\/e35\/30856540_1629020713880403_7628514821444468736_n.jpg\" target=\"_blank\"><img decoding=\"async\" alt=\"Vue du soir nouesdesienne lodge \u00e9tapeenfor\u00eat panorama\" src=\"https:\/\/blog.etiennebretteville.com\/wp-content\/uploads\/2018\/04\/vue-du-soir-nouesdesienne-lodge-etapeenforet-panorama.jpg\" class=\"carousel\" width=\"600\" height=\"600\" \/><\/a><\/div>\n<p>\n<u><a href=\"https:\/\/scontent.cdninstagram.com\/vp\/02a452df6d97787773a5c5bc4f46416d\/5B71BDFE\/t51.2885-15\/s640x640\/sh0.08\/e35\/30856540_1629020713880403_7628514821444468736_n.jpg\" target=\"_blank\">Photo<\/a> taken at :<\/u> L&#039;Etape En For\u00eat by <a href=\"http:\/\/instagram.com\/ebretteville\" target=\"_blank\">ebretteville<\/a> | <u>Instagram filter used:<\/u> Normal<br \/>\n<br \/>\n<div class=\"map_canvas \" data-lat=\"48.81506\" data-lon=\"-1.02265\" data-style=\"TERRAIN\" data-zoom=\"15\" data-marker=\"L&#039;Etape En For\u00eat\" style=\"width: 720px; height: 250px;\"><\/div><br \/>\n<br \/>\n<em>\u00a9Etienne BRETTEVILLE, for all uses \/ reproduction, please contact me via the contact form (about page) by selecting the option \u201cUse pictures (Instagram, etc.)\u201d<\/em><\/p>","protected":false},"excerpt":{"rendered":"<p>Photo taken at : L&#039;Etape En For\u00eat by ebretteville | Instagram filter used: Normal \u00a9Etienne BRETTEVILLE, for all uses \/&#46;&#46;&#46;<\/p>\n","protected":false},"author":2,"featured_media":9106,"comment_status":"open","ping_status":"open","sticky":false,"template":"","format":"image","meta":{"_exactmetrics_skip_tracking":false,"_exactmetrics_sitenote_active":false,"_exactmetrics_sitenote_note":"","_exactmetrics_sitenote_category":0,"footnotes":""},"categories":[326],"tags":[1499,1498,1497,133,167],"class_list":["post-9105","post","type-post","status-publish","format-image","has-post-thumbnail","hentry","category-instagram","tag-etapeenforet","tag-lodge","tag-nouesdesienne","tag-panorama-2","tag-photographie-2","post_format-post-format-image"],"_links":{"self":[{"href":"https:\/\/blog.etiennebretteville.com\/en\/wp-json\/wp\/v2\/posts\/9105","targetHints":{"allow":["GET"]}}],"collection":[{"href":"https:\/\/blog.etiennebretteville.com\/en\/wp-json\/wp\/v2\/posts"}],"about":[{"href":"https:\/\/blog.etiennebretteville.com\/en\/wp-json\/wp\/v2\/types\/post"}],"author":[{"embeddable":true,"href":"https:\/\/blog.etiennebretteville.com\/en\/wp-json\/wp\/v2\/users\/2"}],"replies":[{"embeddable":true,"href":"https:\/\/blog.etiennebretteville.com\/en\/wp-json\/wp\/v2\/comments?post=9105"}],"version-history":[{"count":0,"href":"https:\/\/blog.etiennebretteville.com\/en\/wp-json\/wp\/v2\/posts\/9105\/revisions"}],"wp:featuredmedia":[{"embeddable":true,"href":"https:\/\/blog.etiennebretteville.com\/en\/wp-json\/wp\/v2\/media\/9106"}],"wp:attachment":[{"href":"https:\/\/blog.etiennebretteville.com\/en\/wp-json\/wp\/v2\/media?parent=9105"}],"wp:term":[{"taxonomy":"category","embeddable":true,"href":"https:\/\/blog.etiennebretteville.com\/en\/wp-json\/wp\/v2\/categories?post=9105"},{"taxonomy":"post_tag","embeddable":true,"href":"https:\/\/blog.etiennebretteville.com\/en\/wp-json\/wp\/v2\/tags?post=9105"}],"curies":[{"name":"wp","href":"https:\/\/api.w.org\/{rel}","templated":true}]}}