{"id":9207,"date":"2018-06-29T12:36:08","date_gmt":"2018-06-29T10:36:08","guid":{"rendered":"https:\/\/blog.etiennebretteville.com\/?p=9207"},"modified":"2020-10-19T08:10:19","modified_gmt":"2020-10-19T06:10:19","slug":"paris-cathedrale-notre-dame-de-paris","status":"publish","type":"post","link":"https:\/\/blog.etiennebretteville.com\/en\/2018\/06\/29\/paris-cathedrale-notre-dame-de-paris\/","title":{"rendered":"#paris | Cath\u00e9drale Notre-Dame de Paris"},"content":{"rendered":"<div id=\"fb-root\"><\/div>\n<p><\/p>\n<div align=\"center\"><\/div>\n<div align=\"center\">\n<a href=\"https:\/\/scontent.cdninstagram.com\/vp\/0beb18db069cb1b57562dc9ec7eeca54\/5BE46974\/t51.2885-15\/s640x640\/sh0.08\/e35\/35934373_1997295180600585_6336800452234969088_n.jpg\" target=\"_blank\" rel=\"noopener noreferrer\"><img decoding=\"async\" alt=\"paris\" src=\"https:\/\/blog.etiennebretteville.com\/wp-content\/uploads\/2018\/06\/paris-1.jpg\" class=\"image\" width=\"600\" height=\"600\" \/><\/a><\/div>\n<p>\n<u><a href=\"https:\/\/scontent.cdninstagram.com\/vp\/0beb18db069cb1b57562dc9ec7eeca54\/5BE46974\/t51.2885-15\/s640x640\/sh0.08\/e35\/35934373_1997295180600585_6336800452234969088_n.jpg\" target=\"_blank\" rel=\"noopener noreferrer\">Photo<\/a> prise \u00e0 :<\/u> <a href=\"https:\/\/www.google.com\/maps\/?q=48.853291804,2.3482499474553\" target=\"_blank\" rel=\"noopener noreferrer\">Cath\u00e9drale Notre-Dame de Paris<\/a> par <a href=\"http:\/\/instagram.com\/ebretteville\" target=\"_blank\" rel=\"noopener noreferrer\">ebretteville<\/a> | <u>Filtre utilis\u00e9:<\/u> Normal<br \/>\n<br \/>\n<div class=\"map_canvas \" data-lat=\"48.853291804\" data-lon=\"2.3482499474553\" data-style=\"TERRAIN\" data-zoom=\"15\" data-marker=\"Cath\u00e9drale Notre-Dame de Paris\" style=\"width: 720px; height: 250px;\"><\/div><br \/>\n<br \/>\n<em>\u00a9Etienne BRETTEVILLE, for all uses \/ reproduction, please contact me via the contact form (about page) by selecting the option \u201cUse pictures (Instagram, etc.)\u201d<\/em><\/p>","protected":false},"excerpt":{"rendered":"<p>Photo prise \u00e0 : Cath\u00e9drale Notre-Dame de Paris par ebretteville | Filtre utilis\u00e9: Normal \u00a9Etienne BRETTEVILLE, for all uses \/&#46;&#46;&#46;<\/p>\n","protected":false},"author":2,"featured_media":9208,"comment_status":"open","ping_status":"open","sticky":false,"template":"","format":"image","meta":{"_exactmetrics_skip_tracking":false,"_exactmetrics_sitenote_active":false,"_exactmetrics_sitenote_note":"","_exactmetrics_sitenote_category":0,"footnotes":""},"categories":[326],"tags":[274,167],"class_list":["post-9207","post","type-post","status-publish","format-image","has-post-thumbnail","hentry","category-instagram","tag-paris","tag-photographie-2","post_format-post-format-image"],"_links":{"self":[{"href":"https:\/\/blog.etiennebretteville.com\/en\/wp-json\/wp\/v2\/posts\/9207","targetHints":{"allow":["GET"]}}],"collection":[{"href":"https:\/\/blog.etiennebretteville.com\/en\/wp-json\/wp\/v2\/posts"}],"about":[{"href":"https:\/\/blog.etiennebretteville.com\/en\/wp-json\/wp\/v2\/types\/post"}],"author":[{"embeddable":true,"href":"https:\/\/blog.etiennebretteville.com\/en\/wp-json\/wp\/v2\/users\/2"}],"replies":[{"embeddable":true,"href":"https:\/\/blog.etiennebretteville.com\/en\/wp-json\/wp\/v2\/comments?post=9207"}],"version-history":[{"count":1,"href":"https:\/\/blog.etiennebretteville.com\/en\/wp-json\/wp\/v2\/posts\/9207\/revisions"}],"predecessor-version":[{"id":10273,"href":"https:\/\/blog.etiennebretteville.com\/en\/wp-json\/wp\/v2\/posts\/9207\/revisions\/10273"}],"wp:featuredmedia":[{"embeddable":true,"href":"https:\/\/blog.etiennebretteville.com\/en\/wp-json\/wp\/v2\/media\/9208"}],"wp:attachment":[{"href":"https:\/\/blog.etiennebretteville.com\/en\/wp-json\/wp\/v2\/media?parent=9207"}],"wp:term":[{"taxonomy":"category","embeddable":true,"href":"https:\/\/blog.etiennebretteville.com\/en\/wp-json\/wp\/v2\/categories?post=9207"},{"taxonomy":"post_tag","embeddable":true,"href":"https:\/\/blog.etiennebretteville.com\/en\/wp-json\/wp\/v2\/tags?post=9207"}],"curies":[{"name":"wp","href":"https:\/\/api.w.org\/{rel}","templated":true}]}}