{"id":9504,"date":"2018-11-02T14:51:57","date_gmt":"2018-11-02T13:51:57","guid":{"rendered":"https:\/\/blog.etiennebretteville.com\/?p=9504"},"modified":"2018-11-02T14:56:41","modified_gmt":"2018-11-02T13:56:41","slug":"eglise-de-saint-francois-guadeloupe-saint-francois-guadeloupe","status":"publish","type":"post","link":"https:\/\/blog.etiennebretteville.com\/en\/2018\/11\/02\/eglise-de-saint-francois-guadeloupe-saint-francois-guadeloupe\/","title":{"rendered":"\u00c9glise de Saint-Fran\u00e7ois #guadeloupe | Saint-Fran\u00e7ois, Guadeloupe"},"content":{"rendered":"<div id=\"fb-root\"><\/div>\n<p><\/p>\n<div align=\"center\"><\/div>\n<div align=\"center\"><\/div>\n<div align=\"center\">\n<a href=\"https:\/\/scontent-lhr3-1.cdninstagram.com\/vp\/b9d1bff83c8aafb896e6d321408ad170\/5C67F9F6\/t51.2885-15\/e35\/42852299_573845796369696_7348917667939491448_n.jpg\" target=\"_blank\"><img decoding=\"async\" alt=\"\u00c9glise de Saint-Fran\u00e7ois guadeloupe\" src=\"https:\/\/blog.etiennebretteville.com\/wp-content\/uploads\/2018\/11\/eglise-de-saint-francois-guadeloupe.jpg\" class=\"image\" width=\"100%\" height=\"100%\" \/><\/a><\/div>\n<p>\n<u><a href=\"https:\/\/scontent-lhr3-1.cdninstagram.com\/vp\/b9d1bff83c8aafb896e6d321408ad170\/5C67F9F6\/t51.2885-15\/e35\/42852299_573845796369696_7348917667939491448_n.jpg\" target=\"_blank\">Photo<\/a> prise \u00e0 :<\/u> <a href=\"https:\/\/www.google.com\/maps\/?q=16.25103,-61.27275\" target=\"_blank\">Saint-Fran\u00e7ois, Guadeloupe<\/a> par <a href=\"http:\/\/instagram.com\/ebretteville\" target=\"_blank\">ebretteville<\/a> | <u>Filtre utilis\u00e9:<\/u> Normal<br \/>\n<br \/>\n<div class=\"map_canvas \" data-lat=\"16.25103\" data-lon=\"-61.27275\" data-style=\"TERRAIN\" data-zoom=\"15\" data-marker=\"Saint-Fran\u00e7ois, Guadeloupe\" style=\"width: 720px; height: 250px;\"><\/div><br \/>\n<br \/>\n<em>\u00a9Etienne BRETTEVILLE, for all uses \/ reproduction, please contact me via the contact form (about page) by selecting the option \u201cUse pictures (Instagram, etc.)\u201d<\/em><\/p>","protected":false},"excerpt":{"rendered":"<p>Photo prise \u00e0 : Saint-Fran\u00e7ois, Guadeloupe par ebretteville | Filtre utilis\u00e9: Normal \u00a9Etienne BRETTEVILLE, for all uses \/ reproduction, please&#46;&#46;&#46;<\/p>\n","protected":false},"author":2,"featured_media":9505,"comment_status":"open","ping_status":"open","sticky":false,"template":"","format":"image","meta":{"_exactmetrics_skip_tracking":false,"_exactmetrics_sitenote_active":false,"_exactmetrics_sitenote_note":"","_exactmetrics_sitenote_category":0,"footnotes":""},"categories":[326],"tags":[1540,1650,1637,167,1140,1641],"class_list":["post-9504","post","type-post","status-publish","format-image","has-post-thumbnail","hentry","category-instagram","tag-guadeloupe","tag-gwada","tag-mimax3","tag-photographie-2","tag-xiaomi","tag-xiaomiphotographychallenge","post_format-post-format-image"],"_links":{"self":[{"href":"https:\/\/blog.etiennebretteville.com\/en\/wp-json\/wp\/v2\/posts\/9504","targetHints":{"allow":["GET"]}}],"collection":[{"href":"https:\/\/blog.etiennebretteville.com\/en\/wp-json\/wp\/v2\/posts"}],"about":[{"href":"https:\/\/blog.etiennebretteville.com\/en\/wp-json\/wp\/v2\/types\/post"}],"author":[{"embeddable":true,"href":"https:\/\/blog.etiennebretteville.com\/en\/wp-json\/wp\/v2\/users\/2"}],"replies":[{"embeddable":true,"href":"https:\/\/blog.etiennebretteville.com\/en\/wp-json\/wp\/v2\/comments?post=9504"}],"version-history":[{"count":0,"href":"https:\/\/blog.etiennebretteville.com\/en\/wp-json\/wp\/v2\/posts\/9504\/revisions"}],"wp:featuredmedia":[{"embeddable":true,"href":"https:\/\/blog.etiennebretteville.com\/en\/wp-json\/wp\/v2\/media\/9505"}],"wp:attachment":[{"href":"https:\/\/blog.etiennebretteville.com\/en\/wp-json\/wp\/v2\/media?parent=9504"}],"wp:term":[{"taxonomy":"category","embeddable":true,"href":"https:\/\/blog.etiennebretteville.com\/en\/wp-json\/wp\/v2\/categories?post=9504"},{"taxonomy":"post_tag","embeddable":true,"href":"https:\/\/blog.etiennebretteville.com\/en\/wp-json\/wp\/v2\/tags?post=9504"}],"curies":[{"name":"wp","href":"https:\/\/api.w.org\/{rel}","templated":true}]}}