{"id":9537,"date":"2018-11-05T15:35:59","date_gmt":"2018-11-05T14:35:59","guid":{"rendered":"https:\/\/blog.etiennebretteville.com\/?p=9537"},"modified":"2018-11-05T15:37:57","modified_gmt":"2018-11-05T14:37:57","slug":"marche-de-basse-terre-guadeloupe-gwada-marche-de-basse-terre","status":"publish","type":"post","link":"https:\/\/blog.etiennebretteville.com\/en\/2018\/11\/05\/marche-de-basse-terre-guadeloupe-gwada-marche-de-basse-terre\/","title":{"rendered":"March\u00e9 de basse-terre #guadeloupe #gwada | March\u00e9 de Basse-Terre"},"content":{"rendered":"<div id=\"fb-root\"><\/div>\n<p><\/p>\n<div align=\"center\"><\/div>\n<div align=\"center\"><\/div>\n<div align=\"center\">\n<a href=\"https:\/\/scontent-cdg2-1.cdninstagram.com\/vp\/5a04a3e9d6a314d2105a15e2827ed9f7\/5C6D3940\/t51.2885-15\/e35\/44325902_2034592359895819_167268265821670667_n.jpg\" target=\"_blank\"><img decoding=\"async\" alt=\"March\u00e9 de basse-terre guadeloupe gwada\" src=\"https:\/\/blog.etiennebretteville.com\/wp-content\/uploads\/2018\/11\/marche-de-basse-terre-guadeloupe-gwada.jpg\" class=\"image\" width=\"100%\" height=\"100%\" \/><\/a><\/div>\n<p>\n<u><a href=\"https:\/\/scontent-cdg2-1.cdninstagram.com\/vp\/5a04a3e9d6a314d2105a15e2827ed9f7\/5C6D3940\/t51.2885-15\/e35\/44325902_2034592359895819_167268265821670667_n.jpg\" target=\"_blank\">Photo<\/a> prise \u00e0 :<\/u> <a href=\"https:\/\/www.google.com\/maps\/?q=15.992364,-61.729366\" target=\"_blank\">March\u00e9 de Basse-Terre<\/a> par <a href=\"http:\/\/instagram.com\/ebretteville\" target=\"_blank\">ebretteville<\/a> | <u>Filtre utilis\u00e9:<\/u> Normal<br \/>\n<br \/>\n<div class=\"map_canvas \" data-lat=\"15.992364\" data-lon=\"-61.729366\" data-style=\"TERRAIN\" data-zoom=\"15\" data-marker=\"March\u00e9 de Basse-Terre\" style=\"width: 720px; height: 250px;\"><\/div><br \/>\n<br \/>\n<em>\u00a9Etienne BRETTEVILLE, for all uses \/ reproduction, please contact me via the contact form (about page) by selecting the option \u201cUse pictures (Instagram, etc.)\u201d<\/em><\/p>","protected":false},"excerpt":{"rendered":"<p>Photo prise \u00e0 : March\u00e9 de Basse-Terre par ebretteville | Filtre utilis\u00e9: Normal \u00a9Etienne BRETTEVILLE, for all uses \/ reproduction,&#46;&#46;&#46;<\/p>\n","protected":false},"author":2,"featured_media":9538,"comment_status":"open","ping_status":"open","sticky":false,"template":"","format":"image","meta":{"_exactmetrics_skip_tracking":false,"_exactmetrics_sitenote_active":false,"_exactmetrics_sitenote_note":"","_exactmetrics_sitenote_category":0,"footnotes":""},"categories":[326],"tags":[1540,1650,167],"class_list":["post-9537","post","type-post","status-publish","format-image","has-post-thumbnail","hentry","category-instagram","tag-guadeloupe","tag-gwada","tag-photographie-2","post_format-post-format-image"],"_links":{"self":[{"href":"https:\/\/blog.etiennebretteville.com\/en\/wp-json\/wp\/v2\/posts\/9537","targetHints":{"allow":["GET"]}}],"collection":[{"href":"https:\/\/blog.etiennebretteville.com\/en\/wp-json\/wp\/v2\/posts"}],"about":[{"href":"https:\/\/blog.etiennebretteville.com\/en\/wp-json\/wp\/v2\/types\/post"}],"author":[{"embeddable":true,"href":"https:\/\/blog.etiennebretteville.com\/en\/wp-json\/wp\/v2\/users\/2"}],"replies":[{"embeddable":true,"href":"https:\/\/blog.etiennebretteville.com\/en\/wp-json\/wp\/v2\/comments?post=9537"}],"version-history":[{"count":0,"href":"https:\/\/blog.etiennebretteville.com\/en\/wp-json\/wp\/v2\/posts\/9537\/revisions"}],"wp:featuredmedia":[{"embeddable":true,"href":"https:\/\/blog.etiennebretteville.com\/en\/wp-json\/wp\/v2\/media\/9538"}],"wp:attachment":[{"href":"https:\/\/blog.etiennebretteville.com\/en\/wp-json\/wp\/v2\/media?parent=9537"}],"wp:term":[{"taxonomy":"category","embeddable":true,"href":"https:\/\/blog.etiennebretteville.com\/en\/wp-json\/wp\/v2\/categories?post=9537"},{"taxonomy":"post_tag","embeddable":true,"href":"https:\/\/blog.etiennebretteville.com\/en\/wp-json\/wp\/v2\/tags?post=9537"}],"curies":[{"name":"wp","href":"https:\/\/api.w.org\/{rel}","templated":true}]}}