{"id":9829,"date":"2019-04-13T19:31:20","date_gmt":"2019-04-13T17:31:20","guid":{"rendered":"https:\/\/blog.etiennebretteville.com\/?p=9829"},"modified":"2019-04-13T19:33:51","modified_gmt":"2019-04-13T17:33:51","slug":"phare-de-l-ile-de-l-ouet-carantec-iledelouet-bretagne-breizh-bzh-britany-phare-de-lile-louet","status":"publish","type":"post","link":"https:\/\/blog.etiennebretteville.com\/en\/2019\/04\/13\/phare-de-l-ile-de-l-ouet-carantec-iledelouet-bretagne-breizh-bzh-britany-phare-de-lile-louet\/","title":{"rendered":"#phare de l&#039; #ile de l&#039; #ouet #carantec #iledelouet #bretagne #breizh #bzh #britany | Phare de l&#039;\u00cele Lou\u00ebt"},"content":{"rendered":"<div id=\"fb-root\"><\/div>\n<p><\/p>\n<div align=\"center\"><\/div>\n<div align=\"center\"><\/p><\/div>\n<div align=\"center\">\n<a href=\"https:\/\/instagram.fprg2-1.fna.fbcdn.net\/vp\/8b61937d6ee5a867d41e7c79b673373c\/5D40DEBB\/t51.2885-15\/e35\/56757854_664745280624032_2316018919388470716_n.jpg?_nc_ht=instagram.fprg2-1.fna.fbcdn.net\" target=\"_blank\" rel=\"noopener noreferrer\"><img decoding=\"async\" alt=\"phare de l&amp;039; ile de l&amp;039; ouet carantec iledelouet bretagne breizh bzh britany\" src=\"https:\/\/blog.etiennebretteville.com\/wp-content\/uploads\/2019\/04\/phare-de-l-ile-de-l-ouet-carantec-iledelouet-bretagne-breizh-bzh-britany.jpg\" class=\"carousel\" width=\"100%\" height=\"100%\" \/><\/a><\/div>\n<p>\n<u><a href=\"https:\/\/instagram.fprg2-1.fna.fbcdn.net\/vp\/8b61937d6ee5a867d41e7c79b673373c\/5D40DEBB\/t51.2885-15\/e35\/56757854_664745280624032_2316018919388470716_n.jpg?_nc_ht=instagram.fprg2-1.fna.fbcdn.net\" target=\"_blank\" rel=\"noopener noreferrer\">Photo<\/a> prise \u00e0 :<\/u> <a href=\"https:\/\/www.google.com\/maps\/?q=48.6736,-3.8889\" target=\"_blank\" rel=\"noopener noreferrer\">Phare de l&#039;\u00cele Lou\u00ebt<\/a> par <a href=\"http:\/\/instagram.com\/ebretteville\" target=\"_blank\" rel=\"noopener noreferrer\">ebretteville<\/a> | <u>Filtre utilis\u00e9:<\/u> Normal<br \/>\n<br \/>\n<div class=\"map_canvas \" data-lat=\"48.6736\" data-lon=\"-3.8889\" data-style=\"TERRAIN\" data-zoom=\"15\" data-marker=\"Phare de l&#039;\u00cele Lou\u00ebt\" style=\"width: 720px; height: 250px;\"><\/div><br \/>\n<br \/>\n<em>\u00a9Etienne BRETTEVILLE, for all uses \/ reproduction, please contact me via the contact form (about page) by selecting the option \u201cUse pictures (Instagram, etc.)\u201d<\/em><\/p>","protected":false},"excerpt":{"rendered":"<p>Photo prise \u00e0 : Phare de l&#039;\u00cele Lou\u00ebt par ebretteville | Filtre utilis\u00e9: Normal \u00a9Etienne BRETTEVILLE, for all uses \/&#46;&#46;&#46;<\/p>\n","protected":false},"author":2,"featured_media":9830,"comment_status":"open","ping_status":"open","sticky":false,"template":"","format":"image","meta":{"_exactmetrics_skip_tracking":false,"_exactmetrics_sitenote_active":false,"_exactmetrics_sitenote_note":"","_exactmetrics_sitenote_category":0,"footnotes":""},"categories":[326],"tags":[406,262,1724,1128,1723,992,1722,1721,1720,167],"class_list":["post-9829","post","type-post","status-publish","format-image","has-post-thumbnail","hentry","category-instagram","tag-breizh","tag-bretagne","tag-britany","tag-bzh","tag-carantec","tag-ile","tag-iledelouet","tag-ouet","tag-phare","tag-photographie-2","post_format-post-format-image"],"_links":{"self":[{"href":"https:\/\/blog.etiennebretteville.com\/en\/wp-json\/wp\/v2\/posts\/9829","targetHints":{"allow":["GET"]}}],"collection":[{"href":"https:\/\/blog.etiennebretteville.com\/en\/wp-json\/wp\/v2\/posts"}],"about":[{"href":"https:\/\/blog.etiennebretteville.com\/en\/wp-json\/wp\/v2\/types\/post"}],"author":[{"embeddable":true,"href":"https:\/\/blog.etiennebretteville.com\/en\/wp-json\/wp\/v2\/users\/2"}],"replies":[{"embeddable":true,"href":"https:\/\/blog.etiennebretteville.com\/en\/wp-json\/wp\/v2\/comments?post=9829"}],"version-history":[{"count":0,"href":"https:\/\/blog.etiennebretteville.com\/en\/wp-json\/wp\/v2\/posts\/9829\/revisions"}],"wp:featuredmedia":[{"embeddable":true,"href":"https:\/\/blog.etiennebretteville.com\/en\/wp-json\/wp\/v2\/media\/9830"}],"wp:attachment":[{"href":"https:\/\/blog.etiennebretteville.com\/en\/wp-json\/wp\/v2\/media?parent=9829"}],"wp:term":[{"taxonomy":"category","embeddable":true,"href":"https:\/\/blog.etiennebretteville.com\/en\/wp-json\/wp\/v2\/categories?post=9829"},{"taxonomy":"post_tag","embeddable":true,"href":"https:\/\/blog.etiennebretteville.com\/en\/wp-json\/wp\/v2\/tags?post=9829"}],"curies":[{"name":"wp","href":"https:\/\/api.w.org\/{rel}","templated":true}]}}