{"id":10078,"date":"2019-10-05T13:52:48","date_gmt":"2019-10-05T11:52:48","guid":{"rendered":"https:\/\/blog.etiennebretteville.com\/en\/?p=10078"},"modified":"2020-10-19T08:17:33","modified_gmt":"2020-10-19T06:17:33","slug":"la-felicita-lafelicita-paris-foodcourt-la-felicita","status":"publish","type":"post","link":"https:\/\/blog.etiennebretteville.com\/zh\/2019\/10\/05\/la-felicita-lafelicita-paris-foodcourt-la-felicita\/","title":{"rendered":"La Felicit\u00e0 #lafelicit\u00e0 #paris #foodcourt | La Felicit\u00e0"},"content":{"rendered":"<div id=\"fb-root\"><\/div>\n<p><\/p>\n<div align=\"center\"><\/div>\n<div align=\"center\"><\/div>\n<div align=\"center\">\n<a href=\"https:\/\/scontent-cdt1-1.cdninstagram.com\/vp\/8e67775978f093cf52898d8b6fa34e3b\/5E36D62D\/t51.2885-15\/e35\/70976950_314332696097643_4378847505962325432_n.jpg?_nc_ht=scontent-cdt1-1.cdninstagram.com&amp;_nc_cat=103\" target=\"_blank\" rel=\"noopener noreferrer\"><img decoding=\"async\" title=\"La Felicit\u00e0 lafelicit\u00e0 paris foodcourt\" alt=\"La Felicit\u00e0 lafelicit\u00e0 paris foodcourt\" src=\"https:\/\/blog.etiennebretteville.com\/wp-content\/uploads\/2019\/10\/la-felicita-lafelicita-paris-foodcourt.jpg\" class=\"image\" width=\"100%\" height=\"100%\" \/><\/a><\/div>\n<p>\n<u><a href=\"https:\/\/scontent-cdt1-1.cdninstagram.com\/vp\/8e67775978f093cf52898d8b6fa34e3b\/5E36D62D\/t51.2885-15\/e35\/70976950_314332696097643_4378847505962325432_n.jpg?_nc_ht=scontent-cdt1-1.cdninstagram.com&amp;_nc_cat=103\" target=\"_blank\" rel=\"noopener noreferrer\">Photo<\/a> prise \u00e0 :<\/u> <a href=\"https:\/\/www.google.com\/maps\/?q=48.8357235,2.3837081\" target=\"_blank\" rel=\"noopener noreferrer\">La Felicit\u00e0<\/a> par <a href=\"http:\/\/instagram.com\/ebretteville\" target=\"_blank\" rel=\"noopener noreferrer\">ebretteville<\/a> | <u>Filtre utilis\u00e9:<\/u> Clarendon<br \/>\n<br \/>\n<div class=\"map_canvas \" data-lat=\"48.8357235\" data-lon=\"2.3837081\" data-style=\"TERRAIN\" data-zoom=\"15\" data-marker=\"La Felicit\u00e0\" style=\"width: 720px; height: 250px;\"><\/div><br \/>\n<br \/>\n<em>\u00a9Etienne BRETTEVILLE, \u5404\u79cd\u7528\u9014\/\u518d\u73b0\uff0c\u8bf7\u9009\u62e9\u9009\u9879\u201c\u4f7f\u7528\u56fe\u7247\uff08Instagram\u7684\uff0c\u7b49\u7b49\uff09\u201d\u901a\u8fc7\u7684\u8054\u7cfb\u65b9\u5f0f\uff08\u7ea6\u9875\uff09\u548c\u6211\u8054\u7cfb<\/em><\/p>","protected":false},"excerpt":{"rendered":"<p>Photo prise \u00e0 : La F&#46;&#46;&#46;<\/p>\n","protected":false},"author":2,"featured_media":10079,"comment_status":"open","ping_status":"open","sticky":false,"template":"","format":"image","meta":{"_exactmetrics_skip_tracking":false,"_exactmetrics_sitenote_active":false,"_exactmetrics_sitenote_note":"","_exactmetrics_sitenote_category":0,"footnotes":""},"categories":[326],"tags":[1858,1859,274,167],"class_list":["post-10078","post","type-post","status-publish","format-image","has-post-thumbnail","hentry","category-instagram","tag-foodcourt","tag-lafelicita","tag-paris","tag-photographie-2","post_format-post-format-image"],"_links":{"self":[{"href":"https:\/\/blog.etiennebretteville.com\/zh\/wp-json\/wp\/v2\/posts\/10078","targetHints":{"allow":["GET"]}}],"collection":[{"href":"https:\/\/blog.etiennebretteville.com\/zh\/wp-json\/wp\/v2\/posts"}],"about":[{"href":"https:\/\/blog.etiennebretteville.com\/zh\/wp-json\/wp\/v2\/types\/post"}],"author":[{"embeddable":true,"href":"https:\/\/blog.etiennebretteville.com\/zh\/wp-json\/wp\/v2\/users\/2"}],"replies":[{"embeddable":true,"href":"https:\/\/blog.etiennebretteville.com\/zh\/wp-json\/wp\/v2\/comments?post=10078"}],"version-history":[{"count":1,"href":"https:\/\/blog.etiennebretteville.com\/zh\/wp-json\/wp\/v2\/posts\/10078\/revisions"}],"predecessor-version":[{"id":10269,"href":"https:\/\/blog.etiennebretteville.com\/zh\/wp-json\/wp\/v2\/posts\/10078\/revisions\/10269"}],"wp:featuredmedia":[{"embeddable":true,"href":"https:\/\/blog.etiennebretteville.com\/zh\/wp-json\/wp\/v2\/media\/10079"}],"wp:attachment":[{"href":"https:\/\/blog.etiennebretteville.com\/zh\/wp-json\/wp\/v2\/media?parent=10078"}],"wp:term":[{"taxonomy":"category","embeddable":true,"href":"https:\/\/blog.etiennebretteville.com\/zh\/wp-json\/wp\/v2\/categories?post=10078"},{"taxonomy":"post_tag","embeddable":true,"href":"https:\/\/blog.etiennebretteville.com\/zh\/wp-json\/wp\/v2\/tags?post=10078"}],"curies":[{"name":"wp","href":"https:\/\/api.w.org\/{rel}","templated":true}]}}