{"id":575,"date":"2011-08-04T16:24:47","date_gmt":"2011-08-04T14:24:47","guid":{"rendered":"https:\/\/blog.etiennebretteville.com\/?p=575"},"modified":"2016-06-28T20:37:28","modified_gmt":"2016-06-28T18:37:28","slug":"petits-croissants-sales-pour-aperitif","status":"publish","type":"post","link":"https:\/\/blog.etiennebretteville.com\/zh\/2011\/08\/04\/petits-croissants-sales-pour-aperitif\/","title":{"rendered":"(Fran\u00e7ais) Petits croissants sal\u00e9s pour ap\u00e9ritif"},"content":{"rendered":"<p class=\"qtranxs-available-languages-message qtranxs-available-languages-message-zh\">\u5bf9\u4e0d\u8d77\uff0c\u6b64\u5185\u5bb9\u53ea\u9002\u7528\u4e8e<a href=\"https:\/\/blog.etiennebretteville.com\/fr\/wp-json\/wp\/v2\/posts\/575\" class=\"qtranxs-available-language-link qtranxs-available-language-link-fr\" title=\"Fran\u00e7ais\">Fran\u00e7ais<\/a>\u548c<a href=\"https:\/\/blog.etiennebretteville.com\/en\/wp-json\/wp\/v2\/posts\/575\" class=\"qtranxs-available-language-link qtranxs-available-language-link-en\" title=\"English\">English<\/a>\u3002<\/p><div id=\"fb-root\"><\/div>\n<p><div id=\"attachment_562\" style=\"width: 160px\" class=\"wp-caption alignleft\"><a href=\"https:\/\/blog.etiennebretteville.com\/wp-content\/uploads\/2011\/08\/12.jpg\"><img decoding=\"async\" aria-describedby=\"caption-attachment-562\" class=\"size-full wp-image-562 \" title=\"Petits croissants sal\u00e9s pour ap\u00e9ritif\" src=\"https:\/\/blog.etiennebretteville.com\/wp-content\/uploads\/2011\/08\/12.jpg\" alt=\"Petits croissants sal\u00e9s pour ap\u00e9ritif\" width=\"150\" height=\"117\" \/><\/a><p id=\"caption-attachment-562\" class=\"wp-caption-text\">Petits croissants sal\u00e9s pour ap\u00e9ritif<\/p><\/div><\/p>\n<p>&nbsp;<\/p>\n<p>Dans cet article nous verrons comment r\u00e9aliser des petits croissants sal\u00e9s pour l&#8217;ap\u00e9ritif.<\/p>\n<p>&nbsp;<\/p>\n<p>&nbsp;<\/p>\n<p>&nbsp;<\/p>\n<p>&nbsp;<\/p>\n<p><!--more--><\/p>\n<p><span style=\"text-decoration: underline;\">Pour cette recette il nous faudra:<\/span><\/p>\n<ul>\n<li>P\u00e2te feuillet\u00e9e (toute pr\u00eate ou la faire si vous \u00eates courageux)<\/li>\n<li>Des condiments pour les petits croissants (jambon, fromage, cr\u00eamen fromage rap\u00e9&#8230;)<\/li>\n<li>Jaune d&#8217;\u0153ufs pour faire dorer<\/li>\n<\/ul>\n<p><span style=\"text-decoration: underline;\">Cuisson:<\/span><\/p>\n<ul>\n<li>30 \u00e0 40 min four thermostat 3 (A surveiller!)<\/li>\n<\/ul>\n<p>&nbsp;<\/p>\n<table border=\"0px\" align=\"center\">\n<tbody>\n<tr>\n<td valign=\"top\">\n<p><div id=\"attachment_562\" style=\"width: 250px\" class=\"wp-caption alignnone\"><a href=\"https:\/\/blog.etiennebretteville.com\/wp-content\/uploads\/2011\/07\/1.jpg\"><img decoding=\"async\" aria-describedby=\"caption-attachment-562\" class=\"size-full wp-image-562\" title=\"Premi\u00e8re Etape\" src=\"https:\/\/blog.etiennebretteville.com\/wp-content\/uploads\/2011\/07\/1.jpg\" alt=\"Premi\u00e8re Etape\" width=\"240\" height=\"190\" \/><\/a><p id=\"caption-attachment-562\" class=\"wp-caption-text\">Premi\u00e8re Etape - D\u00e9couper la p\u00e2te en part a votre convenance<\/p><\/div><\/td>\n<td valign=\"top\">\n<p><div id=\"attachment_562\" style=\"width: 250px\" class=\"wp-caption alignnone\"><a href=\"https:\/\/blog.etiennebretteville.com\/wp-content\/uploads\/2011\/07\/2.jpg\"><img decoding=\"async\" aria-describedby=\"caption-attachment-562\" class=\"size-full wp-image-562\" title=\"Deuxi\u00e8me Etape\" src=\"https:\/\/blog.etiennebretteville.com\/wp-content\/uploads\/2011\/07\/2.jpg\" alt=\"Deuxi\u00e8me Etape\" width=\"240\" height=\"190\" \/><\/a><p id=\"caption-attachment-562\" class=\"wp-caption-text\">Deuxi\u00e8me Etape - Pr\u00e9parez vos condiments (ici du jambon)<\/p><\/div><\/td>\n<\/tr>\n<tr>\n<td valign=\"top\">\n<p><div id=\"attachment_562\" style=\"width: 250px\" class=\"wp-caption alignnone\"><a href=\"https:\/\/blog.etiennebretteville.com\/wp-content\/uploads\/2011\/07\/3.jpg\"><img decoding=\"async\" aria-describedby=\"caption-attachment-562\" class=\"size-full wp-image-562\" title=\"Troisi\u00e8me Etape\" src=\"https:\/\/blog.etiennebretteville.com\/wp-content\/uploads\/2011\/07\/3.jpg\" alt=\"Troisi\u00e8me Etape\" width=\"240\" height=\"190\" \/><\/a><p id=\"caption-attachment-562\" class=\"wp-caption-text\">Troisi\u00e8me Etape - D\u00e9couper le jambon en quartie de la m\u00eame taille que vos part de p\u00e2te.<\/p><\/div><\/td>\n<td valign=\"top\">\n<p><div id=\"attachment_562\" style=\"width: 250px\" class=\"wp-caption alignnone\"><a href=\"https:\/\/blog.etiennebretteville.com\/wp-content\/uploads\/2011\/07\/4.jpg\"><img decoding=\"async\" aria-describedby=\"caption-attachment-562\" class=\"size-full wp-image-562\" title=\"Quatri\u00e8me Etape\" src=\"https:\/\/blog.etiennebretteville.com\/wp-content\/uploads\/2011\/07\/4.jpg\" alt=\"Quatri\u00e8me Etape\" width=\"240\" height=\"190\" \/><\/a><p id=\"caption-attachment-562\" class=\"wp-caption-text\">Quatri\u00e8me Etape - Placez le jambon d\u00e9coup\u00e9 sur la p\u00e2te<\/p><\/div><\/td>\n<\/tr>\n<tr>\n<td valign=\"top\">\n<p><div id=\"attachment_562\" style=\"width: 250px\" class=\"wp-caption alignnone\"><a href=\"https:\/\/blog.etiennebretteville.com\/wp-content\/uploads\/2011\/07\/5.jpg\"><img decoding=\"async\" aria-describedby=\"caption-attachment-562\" class=\"size-full wp-image-562\" title=\"Cinqui\u00e8me Etape\" src=\"https:\/\/blog.etiennebretteville.com\/wp-content\/uploads\/2011\/07\/5.jpg\" alt=\"Cinqui\u00e8me Etape\" width=\"240\" height=\"190\" \/><\/a><p id=\"caption-attachment-562\" class=\"wp-caption-text\">Cinqui\u00e8me Etape - R\u00e9sultat<\/p><\/div><\/td>\n<td valign=\"top\">\n<p><div id=\"attachment_562\" style=\"width: 250px\" class=\"wp-caption alignnone\"><a href=\"https:\/\/blog.etiennebretteville.com\/wp-content\/uploads\/2011\/07\/6.jpg\"><img decoding=\"async\" aria-describedby=\"caption-attachment-562\" class=\"size-full wp-image-562\" title=\"Sixi\u00e8me Etape\" src=\"https:\/\/blog.etiennebretteville.com\/wp-content\/uploads\/2011\/07\/6.jpg\" alt=\"Sixi\u00e8me Etape\" width=\"240\" height=\"190\" \/><\/a><p id=\"caption-attachment-562\" class=\"wp-caption-text\">Sixi\u00e8me Etape - Etaler un peu de cr\u00eame fraiche sur le jambon<\/p><\/div><\/td>\n<\/tr>\n<tr>\n<td valign=\"top\">\n<p><div id=\"attachment_562\" style=\"width: 250px\" class=\"wp-caption alignnone\"><a href=\"https:\/\/blog.etiennebretteville.com\/wp-content\/uploads\/2011\/07\/7.jpg\"><img decoding=\"async\" aria-describedby=\"caption-attachment-562\" class=\"size-full wp-image-562\" title=\"Septi\u00e8me Etape\" src=\"https:\/\/blog.etiennebretteville.com\/wp-content\/uploads\/2011\/07\/7.jpg\" alt=\"Septi\u00e8me Etape\" width=\"240\" height=\"190\" \/><\/a><p id=\"caption-attachment-562\" class=\"wp-caption-text\">Septi\u00e8me Etape - Autre condiment, du fromage aux herbes<\/p><\/div><\/td>\n<td valign=\"top\">\n<p><div id=\"attachment_562\" style=\"width: 250px\" class=\"wp-caption alignnone\"><a href=\"https:\/\/blog.etiennebretteville.com\/wp-content\/uploads\/2011\/07\/8.jpg\"><img decoding=\"async\" aria-describedby=\"caption-attachment-562\" class=\"size-full wp-image-562\" title=\"Huiti\u00e8me Etape\" src=\"https:\/\/blog.etiennebretteville.com\/wp-content\/uploads\/2011\/07\/8.jpg\" alt=\"Huiti\u00e8me Etape\" width=\"240\" height=\"190\" \/><\/a><p id=\"caption-attachment-562\" class=\"wp-caption-text\">Huiti\u00e8me Etape - R\u00e9sultat<\/p><\/div><\/td>\n<\/tr>\n<tr>\n<td valign=\"top\">\n<p><div id=\"attachment_562\" style=\"width: 250px\" class=\"wp-caption alignnone\"><a href=\"https:\/\/blog.etiennebretteville.com\/wp-content\/uploads\/2011\/07\/9.jpg\"><img decoding=\"async\" aria-describedby=\"caption-attachment-562\" class=\"size-full wp-image-562 \" title=\"Neuvi\u00e8me Etape\" src=\"https:\/\/blog.etiennebretteville.com\/wp-content\/uploads\/2011\/07\/9.jpg\" alt=\"Neuvi\u00e8me Etape\" width=\"240\" height=\"190\" \/><\/a><p id=\"caption-attachment-562\" class=\"wp-caption-text\">Neuvi\u00e8me Etape - Rouler les quartiers en commencant par le c\u00f4t\u00e9 le plus large (l&#39;ext\u00e9rieur de la p\u00e2te)<\/p><\/div><\/td>\n<td valign=\"top\">\n<p><div id=\"attachment_562\" style=\"width: 250px\" class=\"wp-caption alignnone\"><a href=\"https:\/\/blog.etiennebretteville.com\/wp-content\/uploads\/2011\/07\/10.jpg\"><img decoding=\"async\" aria-describedby=\"caption-attachment-562\" class=\"size-full wp-image-562 \" title=\"Dixi\u00e8me Etape\" src=\"https:\/\/blog.etiennebretteville.com\/wp-content\/uploads\/2011\/07\/10.jpg\" alt=\"Dixi\u00e8me Etape\" width=\"240\" height=\"190\" \/><\/a><p id=\"caption-attachment-562\" class=\"wp-caption-text\">Dixi\u00e8me Etape - R\u00e9sultat pour ceux au fromages aux fines herbes<\/p><\/div><\/td>\n<\/tr>\n<tr>\n<td valign=\"top\">\n<p><div id=\"attachment_562\" style=\"width: 250px\" class=\"wp-caption alignnone\"><a href=\"https:\/\/blog.etiennebretteville.com\/wp-content\/uploads\/2011\/07\/11.jpg\"><img decoding=\"async\" aria-describedby=\"caption-attachment-562\" class=\"size-full wp-image-562 \" title=\"Onzi\u00e8me Etape\" src=\"https:\/\/blog.etiennebretteville.com\/wp-content\/uploads\/2011\/07\/11.jpg\" alt=\"Onzi\u00e8me Etape\" width=\"240\" height=\"190\" \/><\/a><p id=\"caption-attachment-562\" class=\"wp-caption-text\">Onzi\u00e8me Etape - R\u00e9sultat pour les deux condiments<\/p><\/div><\/td>\n<td valign=\"top\">\n<div id=\"attachment_562\" style=\"width: 250px\" class=\"wp-caption alignnone\"><a href=\"https:\/\/blog.etiennebretteville.com\/wp-content\/uploads\/2011\/08\/12.jpg\"><img decoding=\"async\" aria-describedby=\"caption-attachment-562\" class=\"size-full wp-image-562\" title=\"Douzi\u00e8me et derni\u00e8re Etape\" src=\"https:\/\/blog.etiennebretteville.com\/wp-content\/uploads\/2011\/08\/12.jpg\" alt=\"Douzi\u00e8me et derni\u00e8re Etape\" width=\"240\" height=\"190\" \/><\/a><p id=\"caption-attachment-562\" class=\"wp-caption-text\">Douzi\u00e8me et derni\u00e8re Etape - L&#39;apr\u00e8s cuisson (four thermostat 3 pendant une quarantaine de minutes). Il est important d&#39;\u00e9taler au pinceau du jaune d&#39;oeuf avant cuisson pour faire dorer.<\/p><\/div>\n<p>&nbsp;<\/p>\n<p>&nbsp;<\/td>\n<\/tr>\n<\/tbody>\n<\/table>\n<p>Il ne reste plus qu&#8217;\u00e0 vous r\u00e9galer! \ud83d\ude09<\/p>\n<p>N&#8217;h\u00e9sitez pas \u00e0 me laisser un commentaire pour m&#8217;encourager et me dire ce que vous pensez de cette recette!<\/p>","protected":false},"excerpt":{"rendered":"<p>\u5bf9\u4e0d\u8d77\uff0c\u6b64\u5185\u5bb9\u53ea\u9002\u7528\u4e8eFran\u00e7ais\u548c&#46;&#46;&#46;<\/p>\n","protected":false},"author":2,"featured_media":562,"comment_status":"open","ping_status":"open","sticky":false,"template":"","format":"standard","meta":{"_exactmetrics_skip_tracking":false,"_exactmetrics_sitenote_active":false,"_exactmetrics_sitenote_note":"","_exactmetrics_sitenote_category":0,"footnotes":""},"categories":[161,164],"tags":[131,130,4],"class_list":["post-575","post","type-post","status-publish","format-standard","has-post-thumbnail","hentry","category-cuisine","category-lifestyle","tag-cooking","tag-cuisine-2","tag-hand-made"],"_links":{"self":[{"href":"https:\/\/blog.etiennebretteville.com\/zh\/wp-json\/wp\/v2\/posts\/575","targetHints":{"allow":["GET"]}}],"collection":[{"href":"https:\/\/blog.etiennebretteville.com\/zh\/wp-json\/wp\/v2\/posts"}],"about":[{"href":"https:\/\/blog.etiennebretteville.com\/zh\/wp-json\/wp\/v2\/types\/post"}],"author":[{"embeddable":true,"href":"https:\/\/blog.etiennebretteville.com\/zh\/wp-json\/wp\/v2\/users\/2"}],"replies":[{"embeddable":true,"href":"https:\/\/blog.etiennebretteville.com\/zh\/wp-json\/wp\/v2\/comments?post=575"}],"version-history":[{"count":0,"href":"https:\/\/blog.etiennebretteville.com\/zh\/wp-json\/wp\/v2\/posts\/575\/revisions"}],"wp:featuredmedia":[{"embeddable":true,"href":"https:\/\/blog.etiennebretteville.com\/zh\/wp-json\/wp\/v2\/media\/562"}],"wp:attachment":[{"href":"https:\/\/blog.etiennebretteville.com\/zh\/wp-json\/wp\/v2\/media?parent=575"}],"wp:term":[{"taxonomy":"category","embeddable":true,"href":"https:\/\/blog.etiennebretteville.com\/zh\/wp-json\/wp\/v2\/categories?post=575"},{"taxonomy":"post_tag","embeddable":true,"href":"https:\/\/blog.etiennebretteville.com\/zh\/wp-json\/wp\/v2\/tags?post=575"}],"curies":[{"name":"wp","href":"https:\/\/api.w.org\/{rel}","templated":true}]}}