{"id":9356,"date":"2018-07-20T20:24:25","date_gmt":"2018-07-20T18:24:25","guid":{"rendered":"https:\/\/blog.etiennebretteville.com\/?p=9356"},"modified":"2018-07-20T20:26:40","modified_gmt":"2018-07-20T18:26:40","slug":"kimberose-concert-norahjones-et-mgardot-arenesdenimes-et-kimofficiel_-nimes-nimestourisme-norahjones-melodygardot-kimberose-nimes-villedenimes-festivaldenimes-festivaldenimes-arenesden","status":"publish","type":"post","link":"https:\/\/blog.etiennebretteville.com\/zh\/2018\/07\/20\/kimberose-concert-norahjones-et-mgardot-arenesdenimes-et-kimofficiel_-nimes-nimestourisme-norahjones-melodygardot-kimberose-nimes-villedenimes-festivaldenimes-festivaldenimes-arenesden\/","title":{"rendered":"#kimberose Concert @NorahJones et @mgardot @ArenesdeNimes  et @kimofficiel_ @nimes @nimestourisme #norahjones #melodygardot #kimberose #nimes #VilledeN\u00eemes @FESTIVALDENIMES #festivalden\u00eemes #arenesdenimes #nimestourisme | Festival de N\u00eemes"},"content":{"rendered":"<div id=\"fb-root\"><\/div>\n<p><\/p>\n<div align=\"center\"><\/div>\n<div align=\"center\">\n<a href=\"https:\/\/scontent-lhr3-1.cdninstagram.com\/vp\/c8a0591d09c6e2bf18544699abc0c1b8\/5BDD68E2\/t51.2885-15\/e35\/37240121_290607921509918_8025145576532213760_n.jpg\" target=\"_blank\"><img decoding=\"async\" alt=\"kimberose Concert @NorahJones et @mgardot @ArenesdeNimes  et @kimofficiel_ @nimes @nimestourisme norahjones melodygardot kimberose nimes VilledeN\u00eemes @FESTIVALDENIMES festivalden\u00eemes arenesdenimes nimestourisme\" src=\"https:\/\/blog.etiennebretteville.com\/wp-content\/uploads\/2018\/07\/kimberose-concert-@norahjones-et-@mgardot-@arenesdenimes-et-@kimofficiel_-@nimes-@nimestourisme-nora.jpg\" class=\"image\" width=\"600\" height=\"600\" \/><\/a><\/div>\n<p>\n<u><a href=\"https:\/\/scontent-lhr3-1.cdninstagram.com\/vp\/c8a0591d09c6e2bf18544699abc0c1b8\/5BDD68E2\/t51.2885-15\/e35\/37240121_290607921509918_8025145576532213760_n.jpg\" target=\"_blank\">Photo<\/a> prise \u00e0 :<\/u> <a href=\"https:\/\/www.google.com\/maps\/?q=43.83488,4.35862\" target=\"_blank\">Festival de N\u00eemes<\/a> par <a href=\"http:\/\/instagram.com\/ebretteville\" target=\"_blank\">ebretteville<\/a> | <u>Filtre utilis\u00e9:<\/u> Clarendon<br \/>\n<br \/>\n<div class=\"map_canvas \" data-lat=\"43.83488\" data-lon=\"4.35862\" data-style=\"TERRAIN\" data-zoom=\"15\" data-marker=\"Festival de N\u00eemes\" style=\"width: 720px; height: 250px;\"><\/div><br \/>\n<br \/>\n<em>\u00a9Etienne BRETTEVILLE, \u5404\u79cd\u7528\u9014\/\u518d\u73b0\uff0c\u8bf7\u9009\u62e9\u9009\u9879\u201c\u4f7f\u7528\u56fe\u7247\uff08Instagram\u7684\uff0c\u7b49\u7b49\uff09\u201d\u901a\u8fc7\u7684\u8054\u7cfb\u65b9\u5f0f\uff08\u7ea6\u9875\uff09\u548c\u6211\u8054\u7cfb<\/em><\/p>","protected":false},"excerpt":{"rendered":"<p>Photo prise \u00e0 : Fest&#46;&#46;&#46;<\/p>\n","protected":false},"author":2,"featured_media":9357,"comment_status":"open","ping_status":"open","sticky":false,"template":"","format":"image","meta":{"_exactmetrics_skip_tracking":false,"_exactmetrics_sitenote_active":false,"_exactmetrics_sitenote_note":"","_exactmetrics_sitenote_category":0,"footnotes":""},"categories":[326],"tags":[1604,1600,1598,1601,1603,1602,1150,167,1599],"class_list":["post-9356","post","type-post","status-publish","format-image","has-post-thumbnail","hentry","category-instagram","tag-arenesdenimes","tag-festivaldenimes","tag-kimberose","tag-melodygardot","tag-nimes","tag-nimestourisme","tag-norahjones","tag-photographie-2","tag-villedenimes","post_format-post-format-image"],"_links":{"self":[{"href":"https:\/\/blog.etiennebretteville.com\/zh\/wp-json\/wp\/v2\/posts\/9356","targetHints":{"allow":["GET"]}}],"collection":[{"href":"https:\/\/blog.etiennebretteville.com\/zh\/wp-json\/wp\/v2\/posts"}],"about":[{"href":"https:\/\/blog.etiennebretteville.com\/zh\/wp-json\/wp\/v2\/types\/post"}],"author":[{"embeddable":true,"href":"https:\/\/blog.etiennebretteville.com\/zh\/wp-json\/wp\/v2\/users\/2"}],"replies":[{"embeddable":true,"href":"https:\/\/blog.etiennebretteville.com\/zh\/wp-json\/wp\/v2\/comments?post=9356"}],"version-history":[{"count":0,"href":"https:\/\/blog.etiennebretteville.com\/zh\/wp-json\/wp\/v2\/posts\/9356\/revisions"}],"wp:featuredmedia":[{"embeddable":true,"href":"https:\/\/blog.etiennebretteville.com\/zh\/wp-json\/wp\/v2\/media\/9357"}],"wp:attachment":[{"href":"https:\/\/blog.etiennebretteville.com\/zh\/wp-json\/wp\/v2\/media?parent=9356"}],"wp:term":[{"taxonomy":"category","embeddable":true,"href":"https:\/\/blog.etiennebretteville.com\/zh\/wp-json\/wp\/v2\/categories?post=9356"},{"taxonomy":"post_tag","embeddable":true,"href":"https:\/\/blog.etiennebretteville.com\/zh\/wp-json\/wp\/v2\/tags?post=9356"}],"curies":[{"name":"wp","href":"https:\/\/api.w.org\/{rel}","templated":true}]}}